{"id":29,"date":"2019-11-15T23:00:00","date_gmt":"2019-11-15T22:00:00","guid":{"rendered":"https:\/\/www.conforterp.com\/blog\/?p=29"},"modified":"2020-05-11T23:21:32","modified_gmt":"2020-05-11T21:21:32","slug":"comment-concilier-erp-et-mobilite","status":"publish","type":"post","link":"https:\/\/www.conforterp.com\/blog\/2019\/11\/15\/comment-concilier-erp-et-mobilite\/","title":{"rendered":"Comment concilier ERP et mobilit\u00e9 ?"},"content":{"rendered":"\n<figure class=\"wp-block-image size-large\"><img fetchpriority=\"high\" decoding=\"async\" width=\"820\" height=\"410\" src=\"https:\/\/www.conforterp.com\/blog\/wp-content\/uploads\/2020\/05\/erp-mobilite_confort.jpg\" alt=\"\" class=\"wp-image-30\" srcset=\"https:\/\/www.conforterp.com\/blog\/wp-content\/uploads\/2020\/05\/erp-mobilite_confort.jpg 820w, https:\/\/www.conforterp.com\/blog\/wp-content\/uploads\/2020\/05\/erp-mobilite_confort-300x150.jpg 300w, https:\/\/www.conforterp.com\/blog\/wp-content\/uploads\/2020\/05\/erp-mobilite_confort-768x384.jpg 768w\" sizes=\"(max-width: 820px) 100vw, 820px\" \/><\/figure>\n\n\n\n<p><strong>Si l\u2019ERP a longtemps \u00e9t\u00e9 consid\u00e9r\u00e9 comme un outil \u00e0 l\u2019usage s\u00e9dentaire, de plus en plus de collaborateurs sont amen\u00e9s \u00e0 travailler loin des bureaux de leur entreprise. Et s\u2019il \u00e9tait temps de faire en sorte que votre logiciel de gestion soit mobile&nbsp;? Pour r\u00e9pondre \u00e0 cette question, l\u2019analyse de diff\u00e9rents crit\u00e8res s\u2019impose. Fonctionnalit\u00e9s et profils concern\u00e9s, supports de pr\u00e9dilection\u2026 Voici 3&nbsp;questions \u00e0 vous poser pour savoir si vous devez concilier <a href=\"https:\/\/www.conforterp.com\">ERP<\/a> et mobilit\u00e9&nbsp;!<\/strong><\/p>\n\n\n\n<p>Votre soci\u00e9t\u00e9 a-t-elle (vraiment) besoin de mobilit\u00e9&nbsp;?<\/p>\n\n\n\n<p>Plus de la moiti\u00e9 des internautes se connecte, chaque jour, sur diff\u00e9rents \u00e9crans, notamment lorsque des d\u00e9placements s\u2019imposent. Mais pas question, pour autant, de se lancer \u00e0 l\u2019aveuglette&nbsp;! La&nbsp;<strong>mobilit\u00e9 appliqu\u00e9e \u00e0 un logiciel de gestion d\u2019entreprise<\/strong>&nbsp;doit r\u00e9pondre \u00e0 un besoin v\u00e9ritable et non pas suivre un effet de mode. Commencez par faire le point en vous int\u00e9ressant de pr\u00e8s \u00e0 vos collaborateurs&#8230;<\/p>\n\n\n\n<ul class=\"wp-block-list\"><li>Quels sont les m\u00e9tiers concern\u00e9s par ce besoin en mobilit\u00e9&nbsp;? Essentiellement des commerciaux&nbsp;? Des consultants&nbsp;? Des chefs de projet&nbsp;?<br><\/li><li>Plus concr\u00e8tement, combien de collaborateurs sont amen\u00e9s \u00e0 se d\u00e9placer ou \u00e0 travailler hors du bureau&nbsp;? \u00c0 quelle fr\u00e9quence&nbsp;? Est-ce toute la semaine, ou certains jours seulement&nbsp;? De fa\u00e7on ponctuelle&nbsp;?<\/li><\/ul>\n\n\n\n<p>\u00c0 partir de cet audit, vous pourrez&nbsp;<strong>distinguer diff\u00e9rents profils de collaborateurs<\/strong>, et les classer par cat\u00e9gories&nbsp;:<\/p>\n\n\n\n<ul class=\"wp-block-list\"><li>les nomades effr\u00e9n\u00e9s, qui se d\u00e9placent tr\u00e8s souvent, comme les commerciaux&nbsp;;<\/li><li>les nomades mod\u00e9r\u00e9s, qui peuvent avoir \u00e0 se d\u00e9placer occasionnellement, comme les chefs de projet&nbsp;;<\/li><li>les s\u00e9dentaires, qui ne bougent (presque) jamais, comme les comptables.<\/li><\/ul>\n\n\n\n<h2 class=\"wp-block-heading\">Quelles fonctionnalit\u00e9s ERP doivent \u00eatre disponibles en mobilit\u00e9&nbsp;?<\/h2>\n\n\n\n<p><br>Parmi ces profils, tous ont un usage diff\u00e9rent de l\u2019ERP&nbsp;: vous devez pouvoir identifier les&nbsp;<strong>points de contact de chaque profil de collaborateur avec l\u2019ERP<\/strong>, afin d\u2019\u00e9tablir une liste des besoins en mobilit\u00e9 logicielle et de juger de la pertinence d\u2019une fonctionnalit\u00e9 ad hoc. Par exemple, faire du contr\u00f4le de gestion sur smartphone n\u2019a pas grand int\u00e9r\u00eat&nbsp;! Concilier ERP et mobilit\u00e9 doit, avant tout, apporter de la valeur ajout\u00e9e. Par exemple&#8230;<\/p>\n\n\n\n<ul class=\"wp-block-list\"><li>Les&nbsp;<strong>commerciaux<\/strong>&nbsp;et les&nbsp;<strong>consultants<\/strong>&nbsp;sont les plus \u00e0 m\u00eame de se d\u00e9placer et de travailler en dehors du bureau. Leur rapport \u00e0 l\u2019ERP est court mais r\u00e9gulier&nbsp;: ils doivent alimenter l\u2019outil tous les jours afin de ne rien omettre&nbsp;\u2013&nbsp;notes de frais, gestion des temps pass\u00e9s&#8230; Un acc\u00e8s ais\u00e9 \u00e0 leurs outils o\u00f9 qu\u2019ils se trouvent est un levier leur permettant de consacrer moins de temps \u00e0 des t\u00e2ches administratives, donc d\u2019en passer plus aupr\u00e8s des clients.<br><\/li><li>Parmi ceux qui se d\u00e9placent peu,&nbsp;c\u2019est l\u2019<strong>ADV<\/strong>&nbsp;qui utilise le plus l\u2019ERP. Plut\u00f4t s\u00e9dentaires, les collaborateurs de l\u2019administration des ventes sont n\u00e9anmoins susceptibles de suivre des formations ou de travailler \u00e0 domicile. Leur r\u00f4le est tellement critique que la question de l\u2019<strong>acc\u00e8s \u00e0 leurs fonctionnalit\u00e9s du logiciel<\/strong>&nbsp;\u00e0 tout moment se pose&nbsp;!<\/li><\/ul>\n\n\n\n<p>\u00c0 vous de croiser ces diff\u00e9rentes informations et de d\u00e9terminer qui est mobile et qui ne l\u2019est pas, qui utilise quelles fonctionnalit\u00e9s en d\u00e9placement et qui peut s\u2019en passer\u2026 N\u2019exigez des fonctionnalit\u00e9s sp\u00e9cifiques qu\u2019en fonction de l\u2019usage qu\u2019en ont les m\u00e9tiers de votre entreprise&nbsp;!<\/p>\n\n\n\n<p><strong>5 fonctionnalit\u00e9s ERP \u00e0 utiliser en dehors du bureau<\/strong><\/p>\n\n\n\n<ul class=\"wp-block-list\"><li>CRM<\/li><li>Gestion des missions&nbsp;: temps pass\u00e9 en mission, notes de frais\u2026<\/li><li>Gestion de projet&nbsp;: planification, diagramme de Gantt\u2026<\/li><li>Acc\u00e8s au&nbsp;<em>back office<\/em>&nbsp;en t\u00e9l\u00e9travail<\/li><li>Reporting<\/li><\/ul>\n\n\n\n<h2 class=\"wp-block-heading\">Quel&nbsp;<em>device&nbsp;<\/em>pour acc\u00e9der \u00e0 un ERP mobile&nbsp;?<\/h2>\n\n\n\n<p>Maintenant que vous savez quels&nbsp;profils d\u2019utilisateurs&nbsp;sont concern\u00e9s par la mobilit\u00e9 de l\u2019ERP, il est temps de vous renseigner concernant leur&nbsp;<em>device<\/em>&nbsp;de pr\u00e9dilection&nbsp;!<\/p>\n\n\n\n<ul class=\"wp-block-list\"><li><strong>Les commerciaux<\/strong>, souvent en transports et en rendez-vous, et le consultant, sont&nbsp;<strong>plut\u00f4t branch\u00e9s smartphones<\/strong>.<\/li><li>Les&nbsp;<strong>m\u00e9tiers de maintenance<\/strong>&nbsp;tendent \u00e0 pr\u00e9f\u00e9rer<strong>&nbsp;la tablette<\/strong>, plus maniable pour le type de mission qui leur incombe.<\/li><li><strong>Les chefs de projet<\/strong>, plus traditionnels, privil\u00e9gient l\u2019acc\u00e8s \u00e0 l\u2019ERP depuis des&nbsp;<strong>ordinateurs portables<\/strong>.<\/li><li>Difficile de situer les autres profils, s\u00e9dentaires par d\u00e9faut\u2026 mais s\u2019ils sont amen\u00e9s \u00e0 se d\u00e9placer, ils ne pourront se passer d\u2019un ERP mobile. Apr\u00e8s tout, le&nbsp;t\u00e9l\u00e9travail est en pleine croissance&nbsp;depuis quelques ann\u00e9es&nbsp;: \u00e0 l\u2019exception de certains m\u00e9tiers pour lesquels cela reste impossible, des collaborateurs s\u00e9dentaires peuvent eux aussi en profiter&nbsp;!<\/li><\/ul>\n\n\n\n<p>Finalement, la force de&nbsp;<strong>l\u2019ERP mobile<\/strong>&nbsp;r\u00e9side dans sa capacit\u00e9 \u00e0 s\u2019adapter aux diff\u00e9rents profils et besoins. Y compris pour les collaborateurs qui doivent pouvoir acc\u00e9der \u00e0 l\u2019ERP sans avoir de r\u00e9seau, que ce soit en avion, en train ou en pleine campagne&nbsp;!<\/p>\n\n\n\n<p><\/p>\n\n\n\n<h2 class=\"wp-block-heading\">La mobilit\u00e9 ERP illustr\u00e9e&nbsp;: les fonctionnalit\u00e9s et les supports selon les m\u00e9tiers<\/h2>\n\n\n\n<figure class=\"wp-block-image size-large\"><img decoding=\"async\" width=\"1024\" height=\"512\" src=\"https:\/\/www.conforterp.com\/blog\/wp-content\/uploads\/2020\/05\/tableau-mobilite-erp-1024x512.png\" alt=\"\" class=\"wp-image-31\" srcset=\"https:\/\/www.conforterp.com\/blog\/wp-content\/uploads\/2020\/05\/tableau-mobilite-erp-1024x512.png 1024w, https:\/\/www.conforterp.com\/blog\/wp-content\/uploads\/2020\/05\/tableau-mobilite-erp-300x150.png 300w, https:\/\/www.conforterp.com\/blog\/wp-content\/uploads\/2020\/05\/tableau-mobilite-erp-768x384.png 768w, https:\/\/www.conforterp.com\/blog\/wp-content\/uploads\/2020\/05\/tableau-mobilite-erp-1536x768.png 1536w, https:\/\/www.conforterp.com\/blog\/wp-content\/uploads\/2020\/05\/tableau-mobilite-erp-2048x1024.png 2048w\" sizes=\"(max-width: 1024px) 100vw, 1024px\" \/><\/figure>\n\n\n\n<p><strong>Alors, la mobilit\u00e9 est-elle n\u00e9cessaire ? Sans aucun doute. L\u2019\u00e9volution des m\u00e9tiers et des besoins l\u2019impose, de plus en plus. Mais pas n\u2019importe comment : il convient d\u2019abord de hi\u00e9rarchiser vos besoins et de faire le tri parmi les fonctionnalit\u00e9s, par ordre d\u2019importance, afin que le choix d\u2019un <a href=\"https:\/\/www.conforterp.com\">ERP mobile<\/a> ait une vraie valeur ajout\u00e9e !<\/strong><\/p>\n\n\n\n<p>Demandez une d\u00e9monstration sur&nbsp;<a rel=\"noreferrer noopener\" href=\"https:\/\/www.conforterp.com\/\" target=\"_blank\">www.conforterp.com<\/a><\/p>\n\n\n\n<p><\/p>\n","protected":false},"excerpt":{"rendered":"<p>Si l\u2019ERP a longtemps \u00e9t\u00e9 consid\u00e9r\u00e9 comme un outil \u00e0 l\u2019usage s\u00e9dentaire, de plus en plus de collaborateurs sont amen\u00e9s \u00e0 travailler loin des bureaux de leur entreprise. Et s\u2019il \u00e9tait temps de faire en sorte que votre logiciel de gestion soit mobile&nbsp;? Pour r\u00e9pondre \u00e0 cette question, l\u2019analyse de diff\u00e9rents crit\u00e8res s\u2019impose. Fonctionnalit\u00e9s et [&hellip;]<\/p>\n","protected":false},"author":1,"featured_media":0,"comment_status":"closed","ping_status":"open","sticky":false,"template":"","format":"standard","meta":{"footnotes":""},"categories":[1],"tags":[],"class_list":["post-29","post","type-post","status-publish","format-standard","hentry","category-confort-erp"],"_links":{"self":[{"href":"https:\/\/www.conforterp.com\/blog\/wp-json\/wp\/v2\/posts\/29","targetHints":{"allow":["GET"]}}],"collection":[{"href":"https:\/\/www.conforterp.com\/blog\/wp-json\/wp\/v2\/posts"}],"about":[{"href":"https:\/\/www.conforterp.com\/blog\/wp-json\/wp\/v2\/types\/post"}],"author":[{"embeddable":true,"href":"https:\/\/www.conforterp.com\/blog\/wp-json\/wp\/v2\/users\/1"}],"replies":[{"embeddable":true,"href":"https:\/\/www.conforterp.com\/blog\/wp-json\/wp\/v2\/comments?post=29"}],"version-history":[{"count":3,"href":"https:\/\/www.conforterp.com\/blog\/wp-json\/wp\/v2\/posts\/29\/revisions"}],"predecessor-version":[{"id":34,"href":"https:\/\/www.conforterp.com\/blog\/wp-json\/wp\/v2\/posts\/29\/revisions\/34"}],"wp:attachment":[{"href":"https:\/\/www.conforterp.com\/blog\/wp-json\/wp\/v2\/media?parent=29"}],"wp:term":[{"taxonomy":"category","embeddable":true,"href":"https:\/\/www.conforterp.com\/blog\/wp-json\/wp\/v2\/categories?post=29"},{"taxonomy":"post_tag","embeddable":true,"href":"https:\/\/www.conforterp.com\/blog\/wp-json\/wp\/v2\/tags?post=29"}],"curies":[{"name":"wp","href":"https:\/\/api.w.org\/{rel}","templated":true}]}}